{"id":3350,"date":"2022-02-05T12:05:42","date_gmt":"2022-02-05T11:05:42","guid":{"rendered":"https:\/\/www.damery.com\/petrawauters\/?p=3350"},"modified":"2022-02-05T12:41:48","modified_gmt":"2022-02-05T11:41:48","slug":"deux-evenements-au-chateau-de-sannes","status":"publish","type":"post","link":"https:\/\/www.damery.com\/petrawauters\/2022\/02\/deux-evenements-au-chateau-de-sannes\/","title":{"rendered":"Ev\u00e8nements \u00e0 venir"},"content":{"rendered":"\n<h2 class=\"has-text-align-center has-green-color has-text-color wp-block-heading\" id=\"chateau-de-sannes\">Ch\u00e2teau de Sannes<\/h2>\n\n\n\n<div class=\"wp-block-image is-style-default\"><figure class=\"aligncenter size-large\"><img loading=\"lazy\" decoding=\"async\" width=\"520\" height=\"429\" src=\"https:\/\/www.damery.com\/petrawauters\/wp-content\/uploads\/2022\/02\/La-maison-des-amis-ancienne-bergerie-Chateau-de-Sannes--520x429.jpg\" alt=\"\" class=\"wp-image-3322\" srcset=\"https:\/\/www.damery.com\/petrawauters\/wp-content\/uploads\/2022\/02\/La-maison-des-amis-ancienne-bergerie-Chateau-de-Sannes--520x429.jpg 520w, https:\/\/www.damery.com\/petrawauters\/wp-content\/uploads\/2022\/02\/La-maison-des-amis-ancienne-bergerie-Chateau-de-Sannes--300x248.jpg 300w, https:\/\/www.damery.com\/petrawauters\/wp-content\/uploads\/2022\/02\/La-maison-des-amis-ancienne-bergerie-Chateau-de-Sannes--768x634.jpg 768w, https:\/\/www.damery.com\/petrawauters\/wp-content\/uploads\/2022\/02\/La-maison-des-amis-ancienne-bergerie-Chateau-de-Sannes--1536x1267.jpg 1536w, https:\/\/www.damery.com\/petrawauters\/wp-content\/uploads\/2022\/02\/La-maison-des-amis-ancienne-bergerie-Chateau-de-Sannes--2048x1690.jpg 2048w\" sizes=\"(max-width: 520px) 100vw, 520px\" \/><\/figure><\/div>\n\n\n\n<p>Les portes ouvertes au domaine du Ch\u00e2teau de Sannes : <strong>le 14 mars de 10 H \u00e0 17 H<\/strong> &nbsp;Petra Wauters sera pr\u00e9sente pour rencontrer le public et parler des stages au Ch\u00e2teau de Sannes.&nbsp;<\/p>\n\n\n\n<p>Petra Wauters sera par ailleurs pr\u00e9sente aux journ\u00e9es \u00ab\u00a0Plantes, fleurs et bien-\u00eatre\u00a0\u00bb qui se tiendront <strong>les 14 et 15 mai 2022 de 10 H \u00e0 17 H<\/strong>. Stand \u00ab\u00a0aquarelle bien-\u00eatre\u00a0\u00bb.\u00a0<\/p>\n\n\n\n<h2 class=\"has-text-align-center has-green-color has-text-color wp-block-heading\" id=\"festival-avignon\">Festival Avignon<\/h2>\n\n\n\n<p>P\u00e9tra Wauters est invit\u00e9e \u00e0 \u00ab\u00a0l&rsquo;autre festival, celui qui ouvre les livres\u00a0\u00bb \u00e0 Avignon, <strong>du 1er au 3 avril<\/strong>.&nbsp;\u200bL&rsquo;\u00e9v\u00e8nement se tiendra au palais des Papes.&nbsp;\u200bD\u00e9dicaces du livre&nbsp;<em>\u00ab\u00a0Ma m\u00e9thode d&rsquo;aquarelle, jusqu&rsquo;au bout du pinceau\u00a0\u00bb<\/em>&nbsp;et conf\u00e9rence.<\/p>\n","protected":false},"excerpt":{"rendered":"<p>Ch\u00e2teau de Sannes Les portes ouvertes au domaine du Ch\u00e2teau de Sannes : le 14 mars de 10 H \u00e0 17 H &nbsp;Petra Wauters sera pr\u00e9sente pour rencontrer le public et parler des stages au Ch\u00e2teau de Sannes.&nbsp; Petra Wauters sera par ailleurs pr\u00e9sente aux journ\u00e9es \u00ab\u00a0Plantes, fleurs et bien-\u00eatre\u00a0\u00bb qui se tiendront les 14 &hellip; <a href=\"https:\/\/www.damery.com\/petrawauters\/2022\/02\/deux-evenements-au-chateau-de-sannes\/\" class=\"more-link\">Continuer la lecture de <span class=\"screen-reader-text\">Ev\u00e8nements \u00e0 venir<\/span>  <span class=\"meta-nav\">&rarr;<\/span><\/a><\/p>\n","protected":false},"author":5,"featured_media":0,"comment_status":"closed","ping_status":"closed","sticky":false,"template":"","format":"standard","meta":{"footnotes":""},"categories":[35],"tags":[],"_links":{"self":[{"href":"https:\/\/www.damery.com\/petrawauters\/wp-json\/wp\/v2\/posts\/3350"}],"collection":[{"href":"https:\/\/www.damery.com\/petrawauters\/wp-json\/wp\/v2\/posts"}],"about":[{"href":"https:\/\/www.damery.com\/petrawauters\/wp-json\/wp\/v2\/types\/post"}],"author":[{"embeddable":true,"href":"https:\/\/www.damery.com\/petrawauters\/wp-json\/wp\/v2\/users\/5"}],"replies":[{"embeddable":true,"href":"https:\/\/www.damery.com\/petrawauters\/wp-json\/wp\/v2\/comments?post=3350"}],"version-history":[{"count":5,"href":"https:\/\/www.damery.com\/petrawauters\/wp-json\/wp\/v2\/posts\/3350\/revisions"}],"predecessor-version":[{"id":3357,"href":"https:\/\/www.damery.com\/petrawauters\/wp-json\/wp\/v2\/posts\/3350\/revisions\/3357"}],"wp:attachment":[{"href":"https:\/\/www.damery.com\/petrawauters\/wp-json\/wp\/v2\/media?parent=3350"}],"wp:term":[{"taxonomy":"category","embeddable":true,"href":"https:\/\/www.damery.com\/petrawauters\/wp-json\/wp\/v2\/categories?post=3350"},{"taxonomy":"post_tag","embeddable":true,"href":"https:\/\/www.damery.com\/petrawauters\/wp-json\/wp\/v2\/tags?post=3350"}],"curies":[{"name":"wp","href":"https:\/\/api.w.org\/{rel}","templated":true}]}}